{"id":2108,"date":"2019-05-08T18:28:32","date_gmt":"2019-05-08T15:28:32","guid":{"rendered":"https:\/\/mispasta.com\/all-recipes\/meat-recipies\/baklali-orecchiette-makarna\/"},"modified":"2019-05-13T15:28:33","modified_gmt":"2019-05-13T12:28:33","slug":"baklali-orecchiette-makarna","status":"publish","type":"post","link":"https:\/\/www.mispasta.com\/en\/uncategorized-tr\/baklali-orecchiette-makarna\/","title":{"rendered":"Baklal\u0131 Orecchiette Makarna"},"content":{"rendered":"<div class=\"fusion-fullwidth fullwidth-box fusion-builder-row-1 nonhundred-percent-fullwidth non-hundred-percent-height-scrolling\" style=\"--awb-border-radius-top-left:0px;--awb-border-radius-top-right:0px;--awb-border-radius-bottom-right:0px;--awb-border-radius-bottom-left:0px;--awb-flex-wrap:wrap;\" ><div class=\"fusion-builder-row fusion-row\"><div class=\"fusion-layout-column fusion_builder_column fusion-builder-column-0 fusion_builder_column_1_1 1_1 fusion-one-full fusion-column-first fusion-column-last\" style=\"--awb-bg-size:cover;--awb-margin-bottom:0px;\"><div class=\"fusion-column-wrapper fusion-flex-column-wrapper-legacy\"><div class=\"fusion-title title fusion-title-1 sep-underline sep-dotted fusion-title-text fusion-title-size-two\" style=\"--awb-text-color:#000000;--awb-sep-color:#6b6464;\"><h2 class=\"fusion-title-heading title-heading-left\" style=\"margin:0;\">Baklal\u0131 Orecchiette Makarna<\/h2><\/div><div class=\"fusion-text fusion-text-1\"><p>Kuzey \u0130talya&#8217;da bir \u00e7ok \u00e7e\u015fit <a href=\"https:\/\/mispasta.com\/category\/ana-yemek-tarifleri\/makarna-pilav-tarifleri\/\" target=\"_blank\" rel=\"noopener noreferrer\">makarna<\/a> vard\u0131r, Orecchiette (kulak makarna) ismin \u015feklinden al\u0131r ki \u015fekli k\u00fc\u00e7\u00fck kulaklara benzer. Kurutulmu\u015f versiyonlar da mevcut olmas\u0131na ra\u011fmen, taze versiyonu en iyisidir.<\/p>\n<p><a href=\"https:\/\/www.amazon.com\/cucina-pugliese-oltre-400-ricette\/dp\/885416478X\" target=\"_blank\" rel=\"noopener noreferrer\">La Cucina Pugliese<\/a> kitab\u0131n\u0131n yazar\u0131, Luigi Sada, \u201cOrecchiette yapmak tecr\u00fcbe, beceri ve pratik yapmay\u0131 ister\u201d \u015feklinde bahseder kitab\u0131nda, Kesinlikle do\u011fru! Ve bu durum haz\u0131r sat\u0131n almay\u0131 tercih edebilece\u011finiz sonucuna yol a\u00e7\u0131yor.<\/p>\n<\/div><div class=\"fusion-image-element fusion-image-align-center in-legacy-container\" style=\"text-align:center;--awb-caption-title-font-family:var(--h2_typography-font-family);--awb-caption-title-font-weight:var(--h2_typography-font-weight);--awb-caption-title-font-style:var(--h2_typography-font-style);--awb-caption-title-size:var(--h2_typography-font-size);--awb-caption-title-transform:var(--h2_typography-text-transform);--awb-caption-title-line-height:var(--h2_typography-line-height);--awb-caption-title-letter-spacing:var(--h2_typography-letter-spacing);\"><div class=\"imageframe-align-center\"><span class=\" fusion-imageframe imageframe-dropshadow imageframe-1 hover-type-none\" style=\"-webkit-box-shadow: 3px 3px 7px rgba(0,0,0,0.59);box-shadow: 3px 3px 7px rgba(0,0,0,0.59);\"><img decoding=\"async\" width=\"630\" height=\"840\" title=\"baklali-borichette\" src=\"https:\/\/www.mispasta.com\/wp-content\/uploads\/2019\/05\/baklali-borichette.jpg\" data-orig-src=\"https:\/\/mispasta.com\/wp-content\/uploads\/2019\/05\/baklali-borichette.jpg\" alt class=\"lazyload img-responsive wp-image-2077\" srcset=\"data:image\/svg+xml,%3Csvg%20xmlns%3D%27http%3A%2F%2Fwww.w3.org%2F2000%2Fsvg%27%20width%3D%27630%27%20height%3D%27840%27%20viewBox%3D%270%200%20630%20840%27%3E%3Crect%20width%3D%27630%27%20height%3D%27840%27%20fill-opacity%3D%220%22%2F%3E%3C%2Fsvg%3E\" data-srcset=\"https:\/\/www.mispasta.com\/wp-content\/uploads\/2019\/05\/baklali-borichette-200x267.jpg 200w, https:\/\/www.mispasta.com\/wp-content\/uploads\/2019\/05\/baklali-borichette-400x533.jpg 400w, https:\/\/www.mispasta.com\/wp-content\/uploads\/2019\/05\/baklali-borichette-600x800.jpg 600w, https:\/\/www.mispasta.com\/wp-content\/uploads\/2019\/05\/baklali-borichette.jpg 630w\" data-sizes=\"auto\" data-orig-sizes=\"(max-width: 800px) 100vw, 630px\" \/><\/span><\/div><\/div><div class=\"fusion-sep-clear\"><\/div><div class=\"fusion-separator fusion-full-width-sep\" style=\"margin-left: auto;margin-right: auto;margin-top:10px;margin-bottom:10px;width:100%;\"><\/div><div class=\"fusion-sep-clear\"><\/div><div class=\"fusion-sep-clear\"><\/div><div class=\"fusion-separator fusion-full-width-sep\" style=\"margin-left: auto;margin-right: auto;margin-top:10px;margin-bottom:10px;width:100%;\"><\/div><div class=\"fusion-sep-clear\"><\/div><div class=\"fusion-title title fusion-title-2 sep-underline sep-dotted fusion-title-text fusion-title-size-three\" style=\"--awb-text-color:#000000;--awb-sep-color:#6b6464;\"><h3 class=\"fusion-title-heading title-heading-left\" style=\"margin:0;\"><em>Ev yap\u0131m\u0131 orecchiette nas\u0131l yap\u0131l\u0131r?<\/em><\/h3><\/div><div class=\"fusion-text fusion-text-2\"><p>Bayan Sada ev yap\u0131m\u0131 orecchiette i\u00e7in tarifi \u015f\u00f6yle veriyor; &#8220;K\u0131vam\u0131n tam olmas\u0131 i\u00e7in \u00f6l\u00e7\u00fcde \u00e7ok dikkatli davranmal\u0131s\u0131n\u0131z.&#8221; 100 gram un ve 200 gr ince irmik sert bir hamur elde edinceye kadar \u0131l\u0131k suyla kar\u0131\u015ft\u0131r\u0131n, 10 &#8211; 15 dakika sonra iyice yo\u011furun. Hamuru parmak kal\u0131nl\u0131\u011f\u0131nda kalem \u015feklinde yuvarlay\u0131n. Bir b\u0131\u00e7ak kullanarak, k\u00fc\u00e7\u00fck par\u00e7alar kesin ve \u00e7al\u0131\u015fma y\u00fczeyinde b\u0131\u00e7akla bast\u0131r\u0131n, ard\u0131ndan makarnay\u0131 ba\u015f parma\u011f\u0131n\u0131zla d\u00f6nd\u00fcr\u00fcn; bunu yapmak makarnan\u0131n merkezini bir kubbe haline getirecektir.<\/p>\n<\/div><div class=\"fusion-sep-clear\"><\/div><div class=\"fusion-separator fusion-full-width-sep\" style=\"margin-left: auto;margin-right: auto;margin-top:10px;margin-bottom:10px;width:100%;\"><\/div><div class=\"fusion-sep-clear\"><\/div><div class=\"fusion-sep-clear\"><\/div><div class=\"fusion-separator fusion-full-width-sep\" style=\"margin-left: auto;margin-right: auto;margin-top:10px;margin-bottom:10px;width:100%;\"><\/div><div class=\"fusion-sep-clear\"><\/div><div class=\"fusion-title title fusion-title-3 sep-underline sep-dotted fusion-title-text fusion-title-size-three\" style=\"--awb-text-color:#000000;--awb-sep-color:#6b6464;\"><h3 class=\"fusion-title-heading title-heading-left\" style=\"margin:0;\">Malzemeler<\/h3><\/div><div class=\"fusion-text fusion-text-3\"><p>400 gr <a href=\"https:\/\/www.barilla.com\/tr-tr\/urunler\/makarna\/academia-barilla\/orecchiette?utm_source=mispasta\" target=\"_blank\" rel=\"noopener noreferrer\">orecchiette<\/a> makarna<br \/>\n1 yemek ka\u015f\u0131\u011f\u0131 saf zeytinya\u011f\u0131<br \/>\n2 di\u015f sar\u0131msak<br \/>\n60 ml limon suyu<br \/>\n1 \u00e7orba ka\u015f\u0131\u011f\u0131 rendelenmi\u015f limon kabu\u011fu<br \/>\n125 ml krema<br \/>\nDeniz Tuzu ve \u00f6\u011f\u00fct\u00fclm\u00fc\u015f karabiber<br \/>\n2.4 kg taze bakla (soyulmu\u015f)<br \/>\n80 gr rende parmesan<br \/>\nFesle\u011fen yapraklar\u0131<\/p>\n<\/div><div class=\"fusion-title title fusion-title-4 sep-underline sep-dotted fusion-title-text fusion-title-size-three\" style=\"--awb-text-color:#000000;--awb-sep-color:#6b6464;\"><h3 class=\"fusion-title-heading title-heading-left\" style=\"margin:0;\">Haz\u0131rlan\u0131\u015f\u0131<\/h3><\/div><div class=\"fusion-text fusion-text-4\"><ol>\n<li>Makarnay\u0131 tuzlu kaynar suyla b\u00fcy\u00fck bir tencerede 10-12 dakika veya tamamen yumu\u015fayana kadar pi\u015firin. Makarnay\u0131 s\u00fczgece al\u0131p bir kenara koyun, 1 bardak pi\u015firme s\u0131v\u0131s\u0131 b\u0131rak\u0131n.<\/li>\n<li>Ya\u011f\u0131, yap\u0131\u015fmaz b\u00fcy\u00fck bir tavada orta ate\u015fte \u0131s\u0131t\u0131n. Sar\u0131msaklar\u0131 ekleyin ve 1 dakika pi\u015firin. Limon suyunu ilave edin, kabuklar\u0131n\u0131, kremay\u0131, ay\u0131rd\u0131\u011f\u0131n\u0131z makarna suyunu, tuzu ve karabiberi ilave edin ve kaynat\u0131n. 2-3 dakika veya biraz koyula\u015fana kadar pi\u015firin.<\/li>\n<li>Baklalar\u0131\u00a0 ve makarnalar\u0131 sosa ilave edin, kar\u0131\u015ft\u0131r\u0131n ve 1 dakika daha pi\u015firin. Ate\u015ften al\u0131n parmesan ve fesle\u011fen ile kar\u0131\u015ft\u0131r\u0131n. Makarnay\u0131 kaseye b\u00f6l\u00fcn ve ekstra parmesan ile s\u00fcsleyin.<\/li>\n<\/ol>\n<\/div><div class=\"fusion-post-slider fusion-flexslider fusion-flexslider-loading flexslider-attachments flexslider-lightbox\"><ul class=\"slides\"><li data-thumb=\"https:\/\/www.mispasta.com\/wp-content\/uploads\/2019\/05\/baklali-borichette-150x150.jpg\"><a href=\"https:\/\/www.mispasta.com\/wp-content\/uploads\/2019\/05\/baklali-borichette.jpg\" data-title=\"baklali-borichette\" title=\"baklali-borichette\" data-caption=\"\" data-rel=\"prettyPhoto[flex_1]\"><img decoding=\"async\" width=\"630\" height=\"840\" class=\"lazyload wp-image-2077\" src=\"https:\/\/www.mispasta.com\/wp-content\/uploads\/2019\/05\/baklali-borichette.jpg\" data-orig-src=\"https:\/\/www.mispasta.com\/wp-content\/uploads\/2019\/05\/baklali-borichette.jpg\" alt=\"\" srcset=\"data:image\/svg+xml,%3Csvg%20xmlns%3D%27http%3A%2F%2Fwww.w3.org%2F2000%2Fsvg%27%20width%3D%27630%27%20height%3D%27840%27%20viewBox%3D%270%200%20630%20840%27%3E%3Crect%20width%3D%27630%27%20height%3D%27840%27%20fill-opacity%3D%220%22%2F%3E%3C%2Fsvg%3E\" data-srcset=\"https:\/\/www.mispasta.com\/wp-content\/uploads\/2019\/05\/baklali-borichette-200x267.jpg 200w, https:\/\/www.mispasta.com\/wp-content\/uploads\/2019\/05\/baklali-borichette-400x533.jpg 400w, https:\/\/www.mispasta.com\/wp-content\/uploads\/2019\/05\/baklali-borichette-600x800.jpg 600w, https:\/\/www.mispasta.com\/wp-content\/uploads\/2019\/05\/baklali-borichette.jpg 630w\" data-sizes=\"auto\" data-orig-sizes=\"(max-width: 800px) 100vw, 630px\" \/><\/a><\/li><li data-thumb=\"https:\/\/www.mispasta.com\/wp-content\/uploads\/2019\/05\/ev-yapimi-Orecchiette-150x150.jpg\"><a href=\"https:\/\/www.mispasta.com\/wp-content\/uploads\/2019\/05\/ev-yapimi-Orecchiette.jpg\" data-title=\"ev-yapimi-Orecchiette\" title=\"ev-yapimi-Orecchiette\" data-caption=\"Hamuru elinizle yuvarlay\u0131n\" data-rel=\"prettyPhoto[flex_1]\"><img decoding=\"async\" width=\"550\" height=\"367\" class=\"lazyload wp-image-2081\" src=\"https:\/\/www.mispasta.com\/wp-content\/uploads\/2019\/05\/ev-yapimi-Orecchiette.jpg\" data-orig-src=\"https:\/\/www.mispasta.com\/wp-content\/uploads\/2019\/05\/ev-yapimi-Orecchiette.jpg\" alt=\"\" srcset=\"data:image\/svg+xml,%3Csvg%20xmlns%3D%27http%3A%2F%2Fwww.w3.org%2F2000%2Fsvg%27%20width%3D%27550%27%20height%3D%27367%27%20viewBox%3D%270%200%20550%20367%27%3E%3Crect%20width%3D%27550%27%20height%3D%27367%27%20fill-opacity%3D%220%22%2F%3E%3C%2Fsvg%3E\" data-srcset=\"https:\/\/www.mispasta.com\/wp-content\/uploads\/2019\/05\/ev-yapimi-Orecchiette-200x133.jpg 200w, https:\/\/www.mispasta.com\/wp-content\/uploads\/2019\/05\/ev-yapimi-Orecchiette-400x267.jpg 400w, https:\/\/www.mispasta.com\/wp-content\/uploads\/2019\/05\/ev-yapimi-Orecchiette.jpg 550w\" data-sizes=\"auto\" data-orig-sizes=\"(max-width: 800px) 100vw, 550px\" \/><\/a><\/li><li data-thumb=\"https:\/\/www.mispasta.com\/wp-content\/uploads\/2019\/05\/ev-yapimi-Orecchiette-1-150x150.jpg\"><a href=\"https:\/\/www.mispasta.com\/wp-content\/uploads\/2019\/05\/ev-yapimi-Orecchiette-1.jpg\" data-title=\"ev-yapimi-Orecchiette-1\" title=\"ev-yapimi-Orecchiette-1\" data-caption=\"B\u0131\u00e7akla bast\u0131r\u0131n\" data-rel=\"prettyPhoto[flex_1]\"><img decoding=\"async\" width=\"550\" height=\"367\" class=\"lazyload wp-image-2083\" src=\"https:\/\/www.mispasta.com\/wp-content\/uploads\/2019\/05\/ev-yapimi-Orecchiette-1.jpg\" data-orig-src=\"https:\/\/www.mispasta.com\/wp-content\/uploads\/2019\/05\/ev-yapimi-Orecchiette-1.jpg\" alt=\"\" srcset=\"data:image\/svg+xml,%3Csvg%20xmlns%3D%27http%3A%2F%2Fwww.w3.org%2F2000%2Fsvg%27%20width%3D%27550%27%20height%3D%27367%27%20viewBox%3D%270%200%20550%20367%27%3E%3Crect%20width%3D%27550%27%20height%3D%27367%27%20fill-opacity%3D%220%22%2F%3E%3C%2Fsvg%3E\" data-srcset=\"https:\/\/www.mispasta.com\/wp-content\/uploads\/2019\/05\/ev-yapimi-Orecchiette-1-200x133.jpg 200w, https:\/\/www.mispasta.com\/wp-content\/uploads\/2019\/05\/ev-yapimi-Orecchiette-1-400x267.jpg 400w, https:\/\/www.mispasta.com\/wp-content\/uploads\/2019\/05\/ev-yapimi-Orecchiette-1.jpg 550w\" data-sizes=\"auto\" data-orig-sizes=\"(max-width: 800px) 100vw, 550px\" \/><\/a><\/li><\/ul><\/div><div class=\"flexslider fat\"><\/div><div class=\"fusion-clearfix\"><\/div><\/div><\/div><\/div><\/div>\n","protected":false},"excerpt":{"rendered":"","protected":false},"author":3,"featured_media":2077,"comment_status":"open","ping_status":"closed","sticky":false,"template":"","format":"standard","meta":{"footnotes":""},"categories":[348,349,1],"tags":[510,511,512],"class_list":["post-2108","post","type-post","status-publish","format-standard","has-post-thumbnail","hentry","category-ana-yemek-tarifleri","category-makarna-pilav-tarifleri","category-uncategorized-tr","tag-bakla-en","tag-makarna-en","tag-orecchiette-en"],"yoast_head":"<!-- This site is optimized with the Yoast SEO plugin v27.5 - https:\/\/yoast.com\/product\/yoast-seo-wordpress\/ -->\n<title>Baklal\u0131 Orecchiette Makarna - Mis Pasta -<\/title>\n<meta name=\"description\" content=\"Kuzey \u0130talya&#039;da bir \u00e7ok \u00e7e\u015fit makarna vard\u0131r, Orecchiette (kulak makarna) ismin \u015feklinden al\u0131r ki \u015fekli k\u00fc\u00e7\u00fck kulaklara benzer. Kurutulmu\u015f versiyonlar da mevcut olmas\u0131na ra\u011fmen, taze versiyonu en iyisidir.\" \/>\n<meta name=\"robots\" content=\"index, follow, max-snippet:-1, max-image-preview:large, max-video-preview:-1\" \/>\n<link rel=\"canonical\" href=\"https:\/\/www.mispasta.com\/ana-yemek-tarifleri\/makarna-pilav-tarifleri\/baklali-orecchiette-makarna\/\" \/>\n<meta property=\"og:locale\" content=\"en_US\" \/>\n<meta property=\"og:type\" content=\"article\" \/>\n<meta property=\"og:title\" content=\"Baklal\u0131 Orecchiette Makarna - Mis Pasta -\" \/>\n<meta property=\"og:description\" content=\"Kuzey \u0130talya&#039;da bir \u00e7ok \u00e7e\u015fit makarna vard\u0131r, Orecchiette (kulak makarna) ismin \u015feklinden al\u0131r ki \u015fekli k\u00fc\u00e7\u00fck kulaklara benzer. Kurutulmu\u015f versiyonlar da mevcut olmas\u0131na ra\u011fmen, taze versiyonu en iyisidir.\" \/>\n<meta property=\"og:url\" content=\"https:\/\/www.mispasta.com\/ana-yemek-tarifleri\/makarna-pilav-tarifleri\/baklali-orecchiette-makarna\/\" \/>\n<meta property=\"og:site_name\" content=\"Mis Pasta\" \/>\n<meta property=\"article:published_time\" content=\"2019-05-08T15:28:32+00:00\" \/>\n<meta property=\"article:modified_time\" content=\"2019-05-13T12:28:33+00:00\" \/>\n<meta property=\"og:image\" content=\"https:\/\/www.mispasta.com\/wp-content\/uploads\/2019\/05\/baklali-borichette.jpg\" \/>\n\t<meta property=\"og:image:width\" content=\"630\" \/>\n\t<meta property=\"og:image:height\" content=\"840\" \/>\n\t<meta property=\"og:image:type\" content=\"image\/jpeg\" \/>\n<meta name=\"author\" content=\"cer en\" \/>\n<meta name=\"twitter:card\" content=\"summary_large_image\" \/>\n<meta name=\"twitter:label1\" content=\"Written by\" \/>\n\t<meta name=\"twitter:data1\" content=\"cer en\" \/>\n\t<meta name=\"twitter:label2\" content=\"Est. reading time\" \/>\n\t<meta name=\"twitter:data2\" content=\"5 minutes\" \/>\n<script type=\"application\/ld+json\" class=\"yoast-schema-graph\">{\"@context\":\"https:\\\/\\\/schema.org\",\"@graph\":[{\"@type\":\"Article\",\"@id\":\"https:\\\/\\\/www.mispasta.com\\\/ana-yemek-tarifleri\\\/makarna-pilav-tarifleri\\\/baklali-orecchiette-makarna\\\/#article\",\"isPartOf\":{\"@id\":\"https:\\\/\\\/www.mispasta.com\\\/ana-yemek-tarifleri\\\/makarna-pilav-tarifleri\\\/baklali-orecchiette-makarna\\\/\"},\"author\":{\"name\":\"cer en\",\"@id\":\"https:\\\/\\\/www.mispasta.com\\\/en\\\/#\\\/schema\\\/person\\\/d8f2680488a6a78c72896371e6c4bc0c\"},\"headline\":\"Baklal\u0131 Orecchiette Makarna\",\"datePublished\":\"2019-05-08T15:28:32+00:00\",\"dateModified\":\"2019-05-13T12:28:33+00:00\",\"mainEntityOfPage\":{\"@id\":\"https:\\\/\\\/www.mispasta.com\\\/ana-yemek-tarifleri\\\/makarna-pilav-tarifleri\\\/baklali-orecchiette-makarna\\\/\"},\"wordCount\":1015,\"commentCount\":0,\"image\":{\"@id\":\"https:\\\/\\\/www.mispasta.com\\\/ana-yemek-tarifleri\\\/makarna-pilav-tarifleri\\\/baklali-orecchiette-makarna\\\/#primaryimage\"},\"thumbnailUrl\":\"https:\\\/\\\/www.mispasta.com\\\/wp-content\\\/uploads\\\/2019\\\/05\\\/baklali-borichette.jpg\",\"keywords\":[\"bakla\",\"makarna\",\"Orecchiette\"],\"articleSection\":[\"ANA YEMEK\",\"Makarna + Pilav + Tah\u0131l\",\"Uncategorized @tr\"],\"inLanguage\":\"en-US\",\"potentialAction\":[{\"@type\":\"CommentAction\",\"name\":\"Comment\",\"target\":[\"https:\\\/\\\/www.mispasta.com\\\/ana-yemek-tarifleri\\\/makarna-pilav-tarifleri\\\/baklali-orecchiette-makarna\\\/#respond\"]}]},{\"@type\":\"WebPage\",\"@id\":\"https:\\\/\\\/www.mispasta.com\\\/ana-yemek-tarifleri\\\/makarna-pilav-tarifleri\\\/baklali-orecchiette-makarna\\\/\",\"url\":\"https:\\\/\\\/www.mispasta.com\\\/ana-yemek-tarifleri\\\/makarna-pilav-tarifleri\\\/baklali-orecchiette-makarna\\\/\",\"name\":\"Baklal\u0131 Orecchiette Makarna - Mis Pasta -\",\"isPartOf\":{\"@id\":\"https:\\\/\\\/www.mispasta.com\\\/en\\\/#website\"},\"primaryImageOfPage\":{\"@id\":\"https:\\\/\\\/www.mispasta.com\\\/ana-yemek-tarifleri\\\/makarna-pilav-tarifleri\\\/baklali-orecchiette-makarna\\\/#primaryimage\"},\"image\":{\"@id\":\"https:\\\/\\\/www.mispasta.com\\\/ana-yemek-tarifleri\\\/makarna-pilav-tarifleri\\\/baklali-orecchiette-makarna\\\/#primaryimage\"},\"thumbnailUrl\":\"https:\\\/\\\/www.mispasta.com\\\/wp-content\\\/uploads\\\/2019\\\/05\\\/baklali-borichette.jpg\",\"datePublished\":\"2019-05-08T15:28:32+00:00\",\"dateModified\":\"2019-05-13T12:28:33+00:00\",\"author\":{\"@id\":\"https:\\\/\\\/www.mispasta.com\\\/en\\\/#\\\/schema\\\/person\\\/d8f2680488a6a78c72896371e6c4bc0c\"},\"description\":\"Kuzey \u0130talya'da bir \u00e7ok \u00e7e\u015fit makarna vard\u0131r, Orecchiette (kulak makarna) ismin \u015feklinden al\u0131r ki \u015fekli k\u00fc\u00e7\u00fck kulaklara benzer. Kurutulmu\u015f versiyonlar da mevcut olmas\u0131na ra\u011fmen, taze versiyonu en iyisidir.\",\"breadcrumb\":{\"@id\":\"https:\\\/\\\/www.mispasta.com\\\/ana-yemek-tarifleri\\\/makarna-pilav-tarifleri\\\/baklali-orecchiette-makarna\\\/#breadcrumb\"},\"inLanguage\":\"en-US\",\"potentialAction\":[{\"@type\":\"ReadAction\",\"target\":[\"https:\\\/\\\/www.mispasta.com\\\/ana-yemek-tarifleri\\\/makarna-pilav-tarifleri\\\/baklali-orecchiette-makarna\\\/\"]}]},{\"@type\":\"ImageObject\",\"inLanguage\":\"en-US\",\"@id\":\"https:\\\/\\\/www.mispasta.com\\\/ana-yemek-tarifleri\\\/makarna-pilav-tarifleri\\\/baklali-orecchiette-makarna\\\/#primaryimage\",\"url\":\"https:\\\/\\\/www.mispasta.com\\\/wp-content\\\/uploads\\\/2019\\\/05\\\/baklali-borichette.jpg\",\"contentUrl\":\"https:\\\/\\\/www.mispasta.com\\\/wp-content\\\/uploads\\\/2019\\\/05\\\/baklali-borichette.jpg\",\"width\":630,\"height\":840},{\"@type\":\"BreadcrumbList\",\"@id\":\"https:\\\/\\\/www.mispasta.com\\\/ana-yemek-tarifleri\\\/makarna-pilav-tarifleri\\\/baklali-orecchiette-makarna\\\/#breadcrumb\",\"itemListElement\":[{\"@type\":\"ListItem\",\"position\":1,\"name\":\"Ana sayfa\",\"item\":\"https:\\\/\\\/www.mispasta.com\\\/en\\\/\"},{\"@type\":\"ListItem\",\"position\":2,\"name\":\"ANA YEMEK\",\"item\":\"https:\\\/\\\/www.mispasta.com\\\/yemek-tarifleri\\\/ana-yemek-tarifleri\\\/\"},{\"@type\":\"ListItem\",\"position\":3,\"name\":\"Makarna + Pilav + Tah\u0131l\",\"item\":\"https:\\\/\\\/www.mispasta.com\\\/yemek-tarifleri\\\/ana-yemek-tarifleri\\\/makarna-pilav-tarifleri\\\/\"},{\"@type\":\"ListItem\",\"position\":4,\"name\":\"Baklal\u0131 Orecchiette Makarna\"}]},{\"@type\":\"WebSite\",\"@id\":\"https:\\\/\\\/www.mispasta.com\\\/en\\\/#website\",\"url\":\"https:\\\/\\\/www.mispasta.com\\\/en\\\/\",\"name\":\"Mis Pasta\",\"description\":\"\u015e\u0131mar\u0131k tatlar, \u00f6zel tarifler...\",\"potentialAction\":[{\"@type\":\"SearchAction\",\"target\":{\"@type\":\"EntryPoint\",\"urlTemplate\":\"https:\\\/\\\/www.mispasta.com\\\/en\\\/?s={search_term_string}\"},\"query-input\":{\"@type\":\"PropertyValueSpecification\",\"valueRequired\":true,\"valueName\":\"search_term_string\"}}],\"inLanguage\":\"en-US\"},{\"@type\":\"Person\",\"@id\":\"https:\\\/\\\/www.mispasta.com\\\/en\\\/#\\\/schema\\\/person\\\/d8f2680488a6a78c72896371e6c4bc0c\",\"name\":\"cer en\"}]}<\/script>\n<!-- \/ Yoast SEO plugin. -->","yoast_head_json":{"title":"Baklal\u0131 Orecchiette Makarna - Mis Pasta -","description":"Kuzey \u0130talya'da bir \u00e7ok \u00e7e\u015fit makarna vard\u0131r, Orecchiette (kulak makarna) ismin \u015feklinden al\u0131r ki \u015fekli k\u00fc\u00e7\u00fck kulaklara benzer. Kurutulmu\u015f versiyonlar da mevcut olmas\u0131na ra\u011fmen, taze versiyonu en iyisidir.","robots":{"index":"index","follow":"follow","max-snippet":"max-snippet:-1","max-image-preview":"max-image-preview:large","max-video-preview":"max-video-preview:-1"},"canonical":"https:\/\/www.mispasta.com\/ana-yemek-tarifleri\/makarna-pilav-tarifleri\/baklali-orecchiette-makarna\/","og_locale":"en_US","og_type":"article","og_title":"Baklal\u0131 Orecchiette Makarna - Mis Pasta -","og_description":"Kuzey \u0130talya'da bir \u00e7ok \u00e7e\u015fit makarna vard\u0131r, Orecchiette (kulak makarna) ismin \u015feklinden al\u0131r ki \u015fekli k\u00fc\u00e7\u00fck kulaklara benzer. Kurutulmu\u015f versiyonlar da mevcut olmas\u0131na ra\u011fmen, taze versiyonu en iyisidir.","og_url":"https:\/\/www.mispasta.com\/ana-yemek-tarifleri\/makarna-pilav-tarifleri\/baklali-orecchiette-makarna\/","og_site_name":"Mis Pasta","article_published_time":"2019-05-08T15:28:32+00:00","article_modified_time":"2019-05-13T12:28:33+00:00","og_image":[{"width":630,"height":840,"url":"https:\/\/www.mispasta.com\/wp-content\/uploads\/2019\/05\/baklali-borichette.jpg","type":"image\/jpeg"}],"author":"cer en","twitter_card":"summary_large_image","twitter_misc":{"Written by":"cer en","Est. reading time":"5 minutes"},"schema":{"@context":"https:\/\/schema.org","@graph":[{"@type":"Article","@id":"https:\/\/www.mispasta.com\/ana-yemek-tarifleri\/makarna-pilav-tarifleri\/baklali-orecchiette-makarna\/#article","isPartOf":{"@id":"https:\/\/www.mispasta.com\/ana-yemek-tarifleri\/makarna-pilav-tarifleri\/baklali-orecchiette-makarna\/"},"author":{"name":"cer en","@id":"https:\/\/www.mispasta.com\/en\/#\/schema\/person\/d8f2680488a6a78c72896371e6c4bc0c"},"headline":"Baklal\u0131 Orecchiette Makarna","datePublished":"2019-05-08T15:28:32+00:00","dateModified":"2019-05-13T12:28:33+00:00","mainEntityOfPage":{"@id":"https:\/\/www.mispasta.com\/ana-yemek-tarifleri\/makarna-pilav-tarifleri\/baklali-orecchiette-makarna\/"},"wordCount":1015,"commentCount":0,"image":{"@id":"https:\/\/www.mispasta.com\/ana-yemek-tarifleri\/makarna-pilav-tarifleri\/baklali-orecchiette-makarna\/#primaryimage"},"thumbnailUrl":"https:\/\/www.mispasta.com\/wp-content\/uploads\/2019\/05\/baklali-borichette.jpg","keywords":["bakla","makarna","Orecchiette"],"articleSection":["ANA YEMEK","Makarna + Pilav + Tah\u0131l","Uncategorized @tr"],"inLanguage":"en-US","potentialAction":[{"@type":"CommentAction","name":"Comment","target":["https:\/\/www.mispasta.com\/ana-yemek-tarifleri\/makarna-pilav-tarifleri\/baklali-orecchiette-makarna\/#respond"]}]},{"@type":"WebPage","@id":"https:\/\/www.mispasta.com\/ana-yemek-tarifleri\/makarna-pilav-tarifleri\/baklali-orecchiette-makarna\/","url":"https:\/\/www.mispasta.com\/ana-yemek-tarifleri\/makarna-pilav-tarifleri\/baklali-orecchiette-makarna\/","name":"Baklal\u0131 Orecchiette Makarna - Mis Pasta -","isPartOf":{"@id":"https:\/\/www.mispasta.com\/en\/#website"},"primaryImageOfPage":{"@id":"https:\/\/www.mispasta.com\/ana-yemek-tarifleri\/makarna-pilav-tarifleri\/baklali-orecchiette-makarna\/#primaryimage"},"image":{"@id":"https:\/\/www.mispasta.com\/ana-yemek-tarifleri\/makarna-pilav-tarifleri\/baklali-orecchiette-makarna\/#primaryimage"},"thumbnailUrl":"https:\/\/www.mispasta.com\/wp-content\/uploads\/2019\/05\/baklali-borichette.jpg","datePublished":"2019-05-08T15:28:32+00:00","dateModified":"2019-05-13T12:28:33+00:00","author":{"@id":"https:\/\/www.mispasta.com\/en\/#\/schema\/person\/d8f2680488a6a78c72896371e6c4bc0c"},"description":"Kuzey \u0130talya'da bir \u00e7ok \u00e7e\u015fit makarna vard\u0131r, Orecchiette (kulak makarna) ismin \u015feklinden al\u0131r ki \u015fekli k\u00fc\u00e7\u00fck kulaklara benzer. Kurutulmu\u015f versiyonlar da mevcut olmas\u0131na ra\u011fmen, taze versiyonu en iyisidir.","breadcrumb":{"@id":"https:\/\/www.mispasta.com\/ana-yemek-tarifleri\/makarna-pilav-tarifleri\/baklali-orecchiette-makarna\/#breadcrumb"},"inLanguage":"en-US","potentialAction":[{"@type":"ReadAction","target":["https:\/\/www.mispasta.com\/ana-yemek-tarifleri\/makarna-pilav-tarifleri\/baklali-orecchiette-makarna\/"]}]},{"@type":"ImageObject","inLanguage":"en-US","@id":"https:\/\/www.mispasta.com\/ana-yemek-tarifleri\/makarna-pilav-tarifleri\/baklali-orecchiette-makarna\/#primaryimage","url":"https:\/\/www.mispasta.com\/wp-content\/uploads\/2019\/05\/baklali-borichette.jpg","contentUrl":"https:\/\/www.mispasta.com\/wp-content\/uploads\/2019\/05\/baklali-borichette.jpg","width":630,"height":840},{"@type":"BreadcrumbList","@id":"https:\/\/www.mispasta.com\/ana-yemek-tarifleri\/makarna-pilav-tarifleri\/baklali-orecchiette-makarna\/#breadcrumb","itemListElement":[{"@type":"ListItem","position":1,"name":"Ana sayfa","item":"https:\/\/www.mispasta.com\/en\/"},{"@type":"ListItem","position":2,"name":"ANA YEMEK","item":"https:\/\/www.mispasta.com\/yemek-tarifleri\/ana-yemek-tarifleri\/"},{"@type":"ListItem","position":3,"name":"Makarna + Pilav + Tah\u0131l","item":"https:\/\/www.mispasta.com\/yemek-tarifleri\/ana-yemek-tarifleri\/makarna-pilav-tarifleri\/"},{"@type":"ListItem","position":4,"name":"Baklal\u0131 Orecchiette Makarna"}]},{"@type":"WebSite","@id":"https:\/\/www.mispasta.com\/en\/#website","url":"https:\/\/www.mispasta.com\/en\/","name":"Mis Pasta","description":"\u015e\u0131mar\u0131k tatlar, \u00f6zel tarifler...","potentialAction":[{"@type":"SearchAction","target":{"@type":"EntryPoint","urlTemplate":"https:\/\/www.mispasta.com\/en\/?s={search_term_string}"},"query-input":{"@type":"PropertyValueSpecification","valueRequired":true,"valueName":"search_term_string"}}],"inLanguage":"en-US"},{"@type":"Person","@id":"https:\/\/www.mispasta.com\/en\/#\/schema\/person\/d8f2680488a6a78c72896371e6c4bc0c","name":"cer en"}]}},"_links":{"self":[{"href":"https:\/\/www.mispasta.com\/en\/wp-json\/wp\/v2\/posts\/2108","targetHints":{"allow":["GET"]}}],"collection":[{"href":"https:\/\/www.mispasta.com\/en\/wp-json\/wp\/v2\/posts"}],"about":[{"href":"https:\/\/www.mispasta.com\/en\/wp-json\/wp\/v2\/types\/post"}],"author":[{"embeddable":true,"href":"https:\/\/www.mispasta.com\/en\/wp-json\/wp\/v2\/users\/3"}],"replies":[{"embeddable":true,"href":"https:\/\/www.mispasta.com\/en\/wp-json\/wp\/v2\/comments?post=2108"}],"version-history":[{"count":0,"href":"https:\/\/www.mispasta.com\/en\/wp-json\/wp\/v2\/posts\/2108\/revisions"}],"wp:featuredmedia":[{"embeddable":true,"href":"https:\/\/www.mispasta.com\/en\/wp-json\/wp\/v2\/media\/2077"}],"wp:attachment":[{"href":"https:\/\/www.mispasta.com\/en\/wp-json\/wp\/v2\/media?parent=2108"}],"wp:term":[{"taxonomy":"category","embeddable":true,"href":"https:\/\/www.mispasta.com\/en\/wp-json\/wp\/v2\/categories?post=2108"},{"taxonomy":"post_tag","embeddable":true,"href":"https:\/\/www.mispasta.com\/en\/wp-json\/wp\/v2\/tags?post=2108"}],"curies":[{"name":"wp","href":"https:\/\/api.w.org\/{rel}","templated":true}]}}